{"id":8449,"date":"2023-05-02T18:36:53","date_gmt":"2023-05-02T16:36:53","guid":{"rendered":"https:\/\/aedcoro.com\/?p=8449"},"modified":"2026-01-20T16:35:33","modified_gmt":"2026-01-20T15:35:33","slug":"gabriel-baltes-socio-honor-aedcoro","status":"publish","type":"post","link":"https:\/\/aedcoro.com\/en\/gabriel-baltes-socio-honor-aedcoro\/","title":{"rendered":"Gabriel Balt\u00e9s, nuevo socio de honor de AEDCORO"},"content":{"rendered":"<div dir=\"auto\">\n<div class=\"\" data-block=\"true\" data-editor=\"3ka9s\" data-offset-key=\"f4hce-0-0\">\n<div class=\"_1mf _1mj\" data-offset-key=\"f4hce-0-0\">\n<p><strong><img fetchpriority=\"high\" decoding=\"async\" class=\"size-medium wp-image-8454 alignleft\" src=\"https:\/\/aedcoro.com\/wp-content\/uploads\/Imagen-de-WhatsApp-2023-05-02-a-las-11.30.17-225x300.jpg\" alt=\"\" width=\"225\" height=\"300\" \/>El pasado mes de abril AEDCORO nombr\u00f3 a Gabriel Balt\u00e9s como nuevo socio de honor. Balt\u00e9s es Director musical de KUP Taldea y profesor de Direcci\u00f3n Coral de Musikene (2001-2018).<\/strong><\/p>\n<p>Este nombramiento se hizo efectivo el 15 de abril en Ejea de los Caballeros en el marco del Certamen Coral de la ciudad. La edici\u00f3n 2023 ha sido la cincuentena del concurso lo que demuestra, en palabras de Balt\u00e9s, una &#8220;hermosa longevidad que es testigo ya del vigor del canto coral de la regi\u00f3n&#8221;.<\/p>\n<p>El Certamen Coral de Ejea de los Caballeros es, a juicio de Gabriel Balt\u00e9s, &#8220;un magn\u00edfico concurso en el que participaban nueve excelentes formaciones corales, a voces iguales y mixtas, que ven\u00edan de todo el pa\u00eds por lo que agradezco a AEDCORO haberme invitado&#8221;. Para el nuevo socio de honor de AEDCORO, el nivel del certamen de Ejea es &#8220;muy elevado, donde destaca el entusiasmo de los participantes, en su mayor\u00eda j\u00f3venes, que acuden sin rivalidad, por el placer de cantar lo mejor posible con un gran esp\u00edritu&#8221;. El p\u00fablico qued\u00f3 cautivado.<\/p>\n<p>Espa\u00f1a cuenta con un buen n\u00famero de concursos y cert\u00e1menes de m\u00fasica coral. Un concurso es un marco favorable para descubrir e intercambiar repertorio que permite tambi\u00e9n un confrontamiento sano que hace subir al siguiente nivel, tanto a los coralistas como a los directores. Gabriel define los cert\u00e1menes corales como &#8220;espacios de potencial progreso por lo que creo que es importante conservarlos&#8221;.\u00a0A\u00f1ade que &#8220;AEDCORO es uno de los organismos que puede velar por ello&#8221;.<\/p>\n<\/div>\n<\/div>\n<\/div>","protected":false},"excerpt":{"rendered":"<p>El pasado mes de abril AEDCORO nombr\u00f3 a Gabriel Balt\u00e9s como nuevo socio de honor. Balt\u00e9s es Director musical de KUP Taldea y profesor de Direcci\u00f3n Coral de Musikene (2001-2018). [&hellip;]<\/p>\n","protected":false},"author":1,"featured_media":9144,"comment_status":"closed","ping_status":"closed","sticky":false,"template":"","format":"standard","meta":{"footnotes":""},"categories":[18,22],"tags":[],"class_list":["post-8449","post","type-post","status-publish","format-standard","has-post-thumbnail","hentry","category-noticias","category-socios-de-honor"],"yoast_head":"<!-- This site is optimized with the Yoast SEO plugin v27.5 - https:\/\/yoast.com\/product\/yoast-seo-wordpress\/ -->\n<title>Gabriel Balt\u00e9s, nuevo socio de honor de AEDCORO - AEDCORO<\/title>\n<meta name=\"description\" content=\"El pasado mes de abril AEDCORO nombr\u00f3 a Gabriel Balt\u00e9s como nuevo socio de honor. Balt\u00e9s es Director musical de KUP Taldea y profesor de Direcci\u00f3n Coral de Musikene\u00a0(2001-2018).\" \/>\n<meta name=\"robots\" content=\"index, follow, max-snippet:-1, max-image-preview:large, max-video-preview:-1\" \/>\n<link rel=\"canonical\" href=\"https:\/\/aedcoro.com\/en\/gabriel-baltes-socio-honor-aedcoro\/\" \/>\n<meta property=\"og:locale\" content=\"en_GB\" \/>\n<meta property=\"og:type\" content=\"article\" \/>\n<meta property=\"og:title\" content=\"Gabriel Balt\u00e9s, nuevo socio de honor de AEDCORO - AEDCORO\" \/>\n<meta property=\"og:description\" content=\"El pasado mes de abril AEDCORO nombr\u00f3 a Gabriel Balt\u00e9s como nuevo socio de honor. Balt\u00e9s es Director musical de KUP Taldea y profesor de Direcci\u00f3n Coral de Musikene\u00a0(2001-2018).\" \/>\n<meta property=\"og:url\" content=\"https:\/\/aedcoro.com\/en\/gabriel-baltes-socio-honor-aedcoro\/\" \/>\n<meta property=\"og:site_name\" content=\"AEDCORO\" \/>\n<meta property=\"article:publisher\" content=\"https:\/\/www.facebook.com\/aedcoro\/\" \/>\n<meta property=\"article:published_time\" content=\"2023-05-02T16:36:53+00:00\" \/>\n<meta property=\"article:modified_time\" content=\"2026-01-20T15:35:33+00:00\" \/>\n<meta property=\"og:image\" content=\"https:\/\/aedcoro.com\/wp-content\/uploads\/Imagen-de-WhatsApp-2023-05-02-a-las-11.30.33.jpg\" \/>\n\t<meta property=\"og:image:width\" content=\"1024\" \/>\n\t<meta property=\"og:image:height\" content=\"769\" \/>\n\t<meta property=\"og:image:type\" content=\"image\/jpeg\" \/>\n<meta name=\"author\" content=\"ORIX ORIX\" \/>\n<meta name=\"twitter:card\" content=\"summary_large_image\" \/>\n<meta name=\"twitter:creator\" content=\"@aedcoro\" \/>\n<meta name=\"twitter:site\" content=\"@aedcoro\" \/>\n<meta name=\"twitter:label1\" content=\"Written by\" \/>\n\t<meta name=\"twitter:data1\" content=\"ORIX ORIX\" \/>\n\t<meta name=\"twitter:label2\" content=\"Estimated reading time\" \/>\n\t<meta name=\"twitter:data2\" content=\"2 minutes\" \/>\n<script type=\"application\/ld+json\" class=\"yoast-schema-graph\">{\"@context\":\"https:\\\/\\\/schema.org\",\"@graph\":[{\"@type\":\"Article\",\"@id\":\"https:\\\/\\\/aedcoro.com\\\/gabriel-baltes-socio-honor-aedcoro\\\/#article\",\"isPartOf\":{\"@id\":\"https:\\\/\\\/aedcoro.com\\\/gabriel-baltes-socio-honor-aedcoro\\\/\"},\"author\":{\"name\":\"ORIX ORIX\",\"@id\":\"https:\\\/\\\/aedcoro.com\\\/#\\\/schema\\\/person\\\/50e12e11b68c62ca3a5aef43b1dfcb1d\"},\"headline\":\"Gabriel Balt\u00e9s, nuevo socio de honor de AEDCORO\",\"datePublished\":\"2023-05-02T16:36:53+00:00\",\"dateModified\":\"2026-01-20T15:35:33+00:00\",\"mainEntityOfPage\":{\"@id\":\"https:\\\/\\\/aedcoro.com\\\/gabriel-baltes-socio-honor-aedcoro\\\/\"},\"wordCount\":279,\"publisher\":{\"@id\":\"https:\\\/\\\/aedcoro.com\\\/#organization\"},\"image\":{\"@id\":\"https:\\\/\\\/aedcoro.com\\\/gabriel-baltes-socio-honor-aedcoro\\\/#primaryimage\"},\"thumbnailUrl\":\"https:\\\/\\\/aedcoro.com\\\/wp-content\\\/uploads\\\/Imagen-de-WhatsApp-2023-05-02-a-las-11.30.33.jpg\",\"articleSection\":[\"Noticias\",\"Socios de honor\"],\"inLanguage\":\"en-GB\"},{\"@type\":\"WebPage\",\"@id\":\"https:\\\/\\\/aedcoro.com\\\/gabriel-baltes-socio-honor-aedcoro\\\/\",\"url\":\"https:\\\/\\\/aedcoro.com\\\/gabriel-baltes-socio-honor-aedcoro\\\/\",\"name\":\"Gabriel Balt\u00e9s, nuevo socio de honor de AEDCORO - AEDCORO\",\"isPartOf\":{\"@id\":\"https:\\\/\\\/aedcoro.com\\\/#website\"},\"primaryImageOfPage\":{\"@id\":\"https:\\\/\\\/aedcoro.com\\\/gabriel-baltes-socio-honor-aedcoro\\\/#primaryimage\"},\"image\":{\"@id\":\"https:\\\/\\\/aedcoro.com\\\/gabriel-baltes-socio-honor-aedcoro\\\/#primaryimage\"},\"thumbnailUrl\":\"https:\\\/\\\/aedcoro.com\\\/wp-content\\\/uploads\\\/Imagen-de-WhatsApp-2023-05-02-a-las-11.30.33.jpg\",\"datePublished\":\"2023-05-02T16:36:53+00:00\",\"dateModified\":\"2026-01-20T15:35:33+00:00\",\"description\":\"El pasado mes de abril AEDCORO nombr\u00f3 a Gabriel Balt\u00e9s como nuevo socio de honor. Balt\u00e9s es Director musical de KUP Taldea y profesor de Direcci\u00f3n Coral de Musikene\u00a0(2001-2018).\",\"breadcrumb\":{\"@id\":\"https:\\\/\\\/aedcoro.com\\\/gabriel-baltes-socio-honor-aedcoro\\\/#breadcrumb\"},\"inLanguage\":\"en-GB\",\"potentialAction\":[{\"@type\":\"ReadAction\",\"target\":[\"https:\\\/\\\/aedcoro.com\\\/gabriel-baltes-socio-honor-aedcoro\\\/\"]}]},{\"@type\":\"ImageObject\",\"inLanguage\":\"en-GB\",\"@id\":\"https:\\\/\\\/aedcoro.com\\\/gabriel-baltes-socio-honor-aedcoro\\\/#primaryimage\",\"url\":\"https:\\\/\\\/aedcoro.com\\\/wp-content\\\/uploads\\\/Imagen-de-WhatsApp-2023-05-02-a-las-11.30.33.jpg\",\"contentUrl\":\"https:\\\/\\\/aedcoro.com\\\/wp-content\\\/uploads\\\/Imagen-de-WhatsApp-2023-05-02-a-las-11.30.33.jpg\",\"width\":1024,\"height\":769},{\"@type\":\"BreadcrumbList\",\"@id\":\"https:\\\/\\\/aedcoro.com\\\/gabriel-baltes-socio-honor-aedcoro\\\/#breadcrumb\",\"itemListElement\":[{\"@type\":\"ListItem\",\"position\":1,\"name\":\"Portada\",\"item\":\"https:\\\/\\\/aedcoro.com\\\/\"},{\"@type\":\"ListItem\",\"position\":2,\"name\":\"Gabriel Balt\u00e9s, nuevo socio de honor de AEDCORO\"}]},{\"@type\":\"WebSite\",\"@id\":\"https:\\\/\\\/aedcoro.com\\\/#website\",\"url\":\"https:\\\/\\\/aedcoro.com\\\/\",\"name\":\"AEDCORO\",\"description\":\"Asociaci\u00f3n Espa\u00f1ola de Directores de Coro\",\"publisher\":{\"@id\":\"https:\\\/\\\/aedcoro.com\\\/#organization\"},\"potentialAction\":[{\"@type\":\"SearchAction\",\"target\":{\"@type\":\"EntryPoint\",\"urlTemplate\":\"https:\\\/\\\/aedcoro.com\\\/?s={search_term_string}\"},\"query-input\":{\"@type\":\"PropertyValueSpecification\",\"valueRequired\":true,\"valueName\":\"search_term_string\"}}],\"inLanguage\":\"en-GB\"},{\"@type\":\"Organization\",\"@id\":\"https:\\\/\\\/aedcoro.com\\\/#organization\",\"name\":\"Asociaci\u00f3n Espa\u00f1ola de Directores de Coro\",\"alternateName\":\"AEDCORO\",\"url\":\"https:\\\/\\\/aedcoro.com\\\/\",\"logo\":{\"@type\":\"ImageObject\",\"inLanguage\":\"en-GB\",\"@id\":\"https:\\\/\\\/aedcoro.com\\\/#\\\/schema\\\/logo\\\/image\\\/\",\"url\":\"https:\\\/\\\/aedcoro.com\\\/wp-content\\\/uploads\\\/AEDCoro_logo.webp\",\"contentUrl\":\"https:\\\/\\\/aedcoro.com\\\/wp-content\\\/uploads\\\/AEDCoro_logo.webp\",\"width\":500,\"height\":395,\"caption\":\"Asociaci\u00f3n Espa\u00f1ola de Directores de Coro\"},\"image\":{\"@id\":\"https:\\\/\\\/aedcoro.com\\\/#\\\/schema\\\/logo\\\/image\\\/\"},\"sameAs\":[\"https:\\\/\\\/www.facebook.com\\\/aedcoro\\\/\",\"https:\\\/\\\/x.com\\\/aedcoro\",\"https:\\\/\\\/www.instagram.com\\\/aedcoro\\\/\",\"https:\\\/\\\/www.youtube.com\\\/channel\\\/UCx3RJQ3BMA4KmkstsrIZk-w\"]},{\"@type\":\"Person\",\"@id\":\"https:\\\/\\\/aedcoro.com\\\/#\\\/schema\\\/person\\\/50e12e11b68c62ca3a5aef43b1dfcb1d\",\"name\":\"ORIX ORIX\",\"image\":{\"@type\":\"ImageObject\",\"inLanguage\":\"en-GB\",\"@id\":\"https:\\\/\\\/aedcoro.com\\\/wp-content\\\/litespeed\\\/avatar\\\/3b039e439a2fe26c16daa4cc76b48827.jpg?ver=1776963195\",\"url\":\"https:\\\/\\\/aedcoro.com\\\/wp-content\\\/litespeed\\\/avatar\\\/3b039e439a2fe26c16daa4cc76b48827.jpg?ver=1776963195\",\"contentUrl\":\"https:\\\/\\\/aedcoro.com\\\/wp-content\\\/litespeed\\\/avatar\\\/3b039e439a2fe26c16daa4cc76b48827.jpg?ver=1776963195\",\"caption\":\"ORIX ORIX\"},\"description\":\"BLABLABLABLABALBALBA\",\"sameAs\":[\"https:\\\/\\\/aedcoro.com\"],\"url\":\"https:\\\/\\\/aedcoro.com\\\/en\\\/author\\\/orixwp\\\/\"}]}<\/script>\n<!-- \/ Yoast SEO plugin. -->","yoast_head_json":{"title":"Gabriel Balt\u00e9s, nuevo socio de honor de AEDCORO - AEDCORO","description":"El pasado mes de abril AEDCORO nombr\u00f3 a Gabriel Balt\u00e9s como nuevo socio de honor. Balt\u00e9s es Director musical de KUP Taldea y profesor de Direcci\u00f3n Coral de Musikene\u00a0(2001-2018).","robots":{"index":"index","follow":"follow","max-snippet":"max-snippet:-1","max-image-preview":"max-image-preview:large","max-video-preview":"max-video-preview:-1"},"canonical":"https:\/\/aedcoro.com\/en\/gabriel-baltes-socio-honor-aedcoro\/","og_locale":"en_GB","og_type":"article","og_title":"Gabriel Balt\u00e9s, nuevo socio de honor de AEDCORO - AEDCORO","og_description":"El pasado mes de abril AEDCORO nombr\u00f3 a Gabriel Balt\u00e9s como nuevo socio de honor. Balt\u00e9s es Director musical de KUP Taldea y profesor de Direcci\u00f3n Coral de Musikene\u00a0(2001-2018).","og_url":"https:\/\/aedcoro.com\/en\/gabriel-baltes-socio-honor-aedcoro\/","og_site_name":"AEDCORO","article_publisher":"https:\/\/www.facebook.com\/aedcoro\/","article_published_time":"2023-05-02T16:36:53+00:00","article_modified_time":"2026-01-20T15:35:33+00:00","og_image":[{"width":1024,"height":769,"url":"https:\/\/aedcoro.com\/wp-content\/uploads\/Imagen-de-WhatsApp-2023-05-02-a-las-11.30.33.jpg","type":"image\/jpeg"}],"author":"ORIX ORIX","twitter_card":"summary_large_image","twitter_creator":"@aedcoro","twitter_site":"@aedcoro","twitter_misc":{"Written by":"ORIX ORIX","Estimated reading time":"2 minutes"},"schema":{"@context":"https:\/\/schema.org","@graph":[{"@type":"Article","@id":"https:\/\/aedcoro.com\/gabriel-baltes-socio-honor-aedcoro\/#article","isPartOf":{"@id":"https:\/\/aedcoro.com\/gabriel-baltes-socio-honor-aedcoro\/"},"author":{"name":"ORIX ORIX","@id":"https:\/\/aedcoro.com\/#\/schema\/person\/50e12e11b68c62ca3a5aef43b1dfcb1d"},"headline":"Gabriel Balt\u00e9s, nuevo socio de honor de AEDCORO","datePublished":"2023-05-02T16:36:53+00:00","dateModified":"2026-01-20T15:35:33+00:00","mainEntityOfPage":{"@id":"https:\/\/aedcoro.com\/gabriel-baltes-socio-honor-aedcoro\/"},"wordCount":279,"publisher":{"@id":"https:\/\/aedcoro.com\/#organization"},"image":{"@id":"https:\/\/aedcoro.com\/gabriel-baltes-socio-honor-aedcoro\/#primaryimage"},"thumbnailUrl":"https:\/\/aedcoro.com\/wp-content\/uploads\/Imagen-de-WhatsApp-2023-05-02-a-las-11.30.33.jpg","articleSection":["Noticias","Socios de honor"],"inLanguage":"en-GB"},{"@type":"WebPage","@id":"https:\/\/aedcoro.com\/gabriel-baltes-socio-honor-aedcoro\/","url":"https:\/\/aedcoro.com\/gabriel-baltes-socio-honor-aedcoro\/","name":"Gabriel Balt\u00e9s, nuevo socio de honor de AEDCORO - AEDCORO","isPartOf":{"@id":"https:\/\/aedcoro.com\/#website"},"primaryImageOfPage":{"@id":"https:\/\/aedcoro.com\/gabriel-baltes-socio-honor-aedcoro\/#primaryimage"},"image":{"@id":"https:\/\/aedcoro.com\/gabriel-baltes-socio-honor-aedcoro\/#primaryimage"},"thumbnailUrl":"https:\/\/aedcoro.com\/wp-content\/uploads\/Imagen-de-WhatsApp-2023-05-02-a-las-11.30.33.jpg","datePublished":"2023-05-02T16:36:53+00:00","dateModified":"2026-01-20T15:35:33+00:00","description":"El pasado mes de abril AEDCORO nombr\u00f3 a Gabriel Balt\u00e9s como nuevo socio de honor. Balt\u00e9s es Director musical de KUP Taldea y profesor de Direcci\u00f3n Coral de Musikene\u00a0(2001-2018).","breadcrumb":{"@id":"https:\/\/aedcoro.com\/gabriel-baltes-socio-honor-aedcoro\/#breadcrumb"},"inLanguage":"en-GB","potentialAction":[{"@type":"ReadAction","target":["https:\/\/aedcoro.com\/gabriel-baltes-socio-honor-aedcoro\/"]}]},{"@type":"ImageObject","inLanguage":"en-GB","@id":"https:\/\/aedcoro.com\/gabriel-baltes-socio-honor-aedcoro\/#primaryimage","url":"https:\/\/aedcoro.com\/wp-content\/uploads\/Imagen-de-WhatsApp-2023-05-02-a-las-11.30.33.jpg","contentUrl":"https:\/\/aedcoro.com\/wp-content\/uploads\/Imagen-de-WhatsApp-2023-05-02-a-las-11.30.33.jpg","width":1024,"height":769},{"@type":"BreadcrumbList","@id":"https:\/\/aedcoro.com\/gabriel-baltes-socio-honor-aedcoro\/#breadcrumb","itemListElement":[{"@type":"ListItem","position":1,"name":"Portada","item":"https:\/\/aedcoro.com\/"},{"@type":"ListItem","position":2,"name":"Gabriel Balt\u00e9s, nuevo socio de honor de AEDCORO"}]},{"@type":"WebSite","@id":"https:\/\/aedcoro.com\/#website","url":"https:\/\/aedcoro.com\/","name":"AEDCORO","description":"Spanish Association of Choir Directors","publisher":{"@id":"https:\/\/aedcoro.com\/#organization"},"potentialAction":[{"@type":"SearchAction","target":{"@type":"EntryPoint","urlTemplate":"https:\/\/aedcoro.com\/?s={search_term_string}"},"query-input":{"@type":"PropertyValueSpecification","valueRequired":true,"valueName":"search_term_string"}}],"inLanguage":"en-GB"},{"@type":"Organization","@id":"https:\/\/aedcoro.com\/#organization","name":"Spanish Association of Choir Directors","alternateName":"AEDCORO","url":"https:\/\/aedcoro.com\/","logo":{"@type":"ImageObject","inLanguage":"en-GB","@id":"https:\/\/aedcoro.com\/#\/schema\/logo\/image\/","url":"https:\/\/aedcoro.com\/wp-content\/uploads\/AEDCoro_logo.webp","contentUrl":"https:\/\/aedcoro.com\/wp-content\/uploads\/AEDCoro_logo.webp","width":500,"height":395,"caption":"Asociaci\u00f3n Espa\u00f1ola de Directores de Coro"},"image":{"@id":"https:\/\/aedcoro.com\/#\/schema\/logo\/image\/"},"sameAs":["https:\/\/www.facebook.com\/aedcoro\/","https:\/\/x.com\/aedcoro","https:\/\/www.instagram.com\/aedcoro\/","https:\/\/www.youtube.com\/channel\/UCx3RJQ3BMA4KmkstsrIZk-w"]},{"@type":"Person","@id":"https:\/\/aedcoro.com\/#\/schema\/person\/50e12e11b68c62ca3a5aef43b1dfcb1d","name":"ORIX ORIX","image":{"@type":"ImageObject","inLanguage":"en-GB","@id":"https:\/\/aedcoro.com\/wp-content\/litespeed\/avatar\/3b039e439a2fe26c16daa4cc76b48827.jpg?ver=1776963195","url":"https:\/\/aedcoro.com\/wp-content\/litespeed\/avatar\/3b039e439a2fe26c16daa4cc76b48827.jpg?ver=1776963195","contentUrl":"https:\/\/aedcoro.com\/wp-content\/litespeed\/avatar\/3b039e439a2fe26c16daa4cc76b48827.jpg?ver=1776963195","caption":"ORIX ORIX"},"description":"BLABLABLABLABALBALBA","sameAs":["https:\/\/aedcoro.com"],"url":"https:\/\/aedcoro.com\/en\/author\/orixwp\/"}]}},"_links":{"self":[{"href":"https:\/\/aedcoro.com\/en\/wp-json\/wp\/v2\/posts\/8449","targetHints":{"allow":["GET"]}}],"collection":[{"href":"https:\/\/aedcoro.com\/en\/wp-json\/wp\/v2\/posts"}],"about":[{"href":"https:\/\/aedcoro.com\/en\/wp-json\/wp\/v2\/types\/post"}],"author":[{"embeddable":true,"href":"https:\/\/aedcoro.com\/en\/wp-json\/wp\/v2\/users\/1"}],"replies":[{"embeddable":true,"href":"https:\/\/aedcoro.com\/en\/wp-json\/wp\/v2\/comments?post=8449"}],"version-history":[{"count":1,"href":"https:\/\/aedcoro.com\/en\/wp-json\/wp\/v2\/posts\/8449\/revisions"}],"predecessor-version":[{"id":10434,"href":"https:\/\/aedcoro.com\/en\/wp-json\/wp\/v2\/posts\/8449\/revisions\/10434"}],"wp:featuredmedia":[{"embeddable":true,"href":"https:\/\/aedcoro.com\/en\/wp-json\/wp\/v2\/media\/9144"}],"wp:attachment":[{"href":"https:\/\/aedcoro.com\/en\/wp-json\/wp\/v2\/media?parent=8449"}],"wp:term":[{"taxonomy":"category","embeddable":true,"href":"https:\/\/aedcoro.com\/en\/wp-json\/wp\/v2\/categories?post=8449"},{"taxonomy":"post_tag","embeddable":true,"href":"https:\/\/aedcoro.com\/en\/wp-json\/wp\/v2\/tags?post=8449"}],"curies":[{"name":"wp","href":"https:\/\/api.w.org\/{rel}","templated":true}]}}